{"id":13005,"date":"2021-09-12T12:48:46","date_gmt":"2021-09-12T11:48:46","guid":{"rendered":"http:\/\/www.bewegteflaeche.de\/?p=13005"},"modified":"2021-09-12T12:48:46","modified_gmt":"2021-09-12T11:48:46","slug":"buergerkrieg-im-lager","status":"publish","type":"post","link":"http:\/\/www.bewegteflaeche.de\/?p=13005","title":{"rendered":"b\u00fcrgerkrieg im lager"},"content":{"rendered":"\n<p>autofahrer gegen radfahrer. ich fahr jeden tag zur abh\u00e4rtung die leipziger und die lilienthalstr, das ist gelebte strategie des sich \u00fcberlebens, besonders am leipziger platz, die ge\u00f6ffneten oder sich \u00f6ffnenden autot\u00fcren. rassismus auf r\u00e4dern.<\/p>\n","protected":false},"excerpt":{"rendered":"<p>autofahrer gegen radfahrer. ich fahr jeden tag zur abh\u00e4rtung die leipziger und die lilienthalstr, das ist gelebte strategie des sich \u00fcberlebens, besonders am leipziger platz, die ge\u00f6ffneten oder sich \u00f6ffnenden autot\u00fcren. rassismus auf r\u00e4dern.<\/p>\n","protected":false},"author":2,"featured_media":0,"comment_status":"open","ping_status":"open","sticky":false,"template":"","format":"standard","meta":{"footnotes":""},"categories":[4],"tags":[],"class_list":["post-13005","post","type-post","status-publish","format-standard","hentry","category-allgemein"],"_links":{"self":[{"href":"http:\/\/www.bewegteflaeche.de\/index.php?rest_route=\/wp\/v2\/posts\/13005","targetHints":{"allow":["GET"]}}],"collection":[{"href":"http:\/\/www.bewegteflaeche.de\/index.php?rest_route=\/wp\/v2\/posts"}],"about":[{"href":"http:\/\/www.bewegteflaeche.de\/index.php?rest_route=\/wp\/v2\/types\/post"}],"author":[{"embeddable":true,"href":"http:\/\/www.bewegteflaeche.de\/index.php?rest_route=\/wp\/v2\/users\/2"}],"replies":[{"embeddable":true,"href":"http:\/\/www.bewegteflaeche.de\/index.php?rest_route=%2Fwp%2Fv2%2Fcomments&post=13005"}],"version-history":[{"count":2,"href":"http:\/\/www.bewegteflaeche.de\/index.php?rest_route=\/wp\/v2\/posts\/13005\/revisions"}],"predecessor-version":[{"id":13012,"href":"http:\/\/www.bewegteflaeche.de\/index.php?rest_route=\/wp\/v2\/posts\/13005\/revisions\/13012"}],"wp:attachment":[{"href":"http:\/\/www.bewegteflaeche.de\/index.php?rest_route=%2Fwp%2Fv2%2Fmedia&parent=13005"}],"wp:term":[{"taxonomy":"category","embeddable":true,"href":"http:\/\/www.bewegteflaeche.de\/index.php?rest_route=%2Fwp%2Fv2%2Fcategories&post=13005"},{"taxonomy":"post_tag","embeddable":true,"href":"http:\/\/www.bewegteflaeche.de\/index.php?rest_route=%2Fwp%2Fv2%2Ftags&post=13005"}],"curies":[{"name":"wp","href":"https:\/\/api.w.org\/{rel}","templated":true}]}}