{"id":12641,"date":"2020-01-14T13:21:03","date_gmt":"2020-01-14T12:21:03","guid":{"rendered":"http:\/\/www.bewegteflaeche.de\/?p=12641"},"modified":"2020-01-14T13:21:03","modified_gmt":"2020-01-14T12:21:03","slug":"klimaholocaustleugner","status":"publish","type":"post","link":"http:\/\/www.bewegteflaeche.de\/?p=12641","title":{"rendered":"Klimaholocaustleugner"},"content":{"rendered":"<p>Jetzt wird es richtig am\u00fcsant: Auf Twitter regen sich \u2026\u00e4hem Faschisten (ich nutze dieses Wort nur zur klareren Kontextualisierung) von Links und Rechts gleicherma\u00dfen \u00fcber das Unwort des Jahres auf. Herrlich, besser kann Satire nicht sein!<\/p>\n<p>F\u00fcr die einen sind die Unworte der vergangenen Jahre wie \u2026<\/p>\n<p>2011 D\u00f6nermorde 2012 Opfer-Abo, 2013 Sozialtourismus, 2014 L\u00fcgenpresse,<br \/>\n2015 Gutmensch, 2016 Volksverr\u00e4ter, 2017 Alternative Fakten, 2018 Anti-Abschiebe-Industrie, 2019 #Klimahysterie.<\/p>\n<p>\u2026 alle aus dem rechten Wortbaukasten. F\u00fcr die anderen sind sie ein klares Setting aus den dominanten Medien mit Linksspin. Was soll man sagen? Ideologie meets Schwachk\u00f6pfe!<\/p>\n<p>Ich gehe mal meinen Schweinekopf auspulen und verlasse mich darauf, dass die Erde den Menschen \u00fcberleben wird.<\/p>\n<p>P.S. Ich w\u00fcrde mir den Begriff der \u00dcberschrift gerne patentieren lassen. Kann man bestimmt mal gewinnbringend verh\u00f6kern.<\/p>\n","protected":false},"excerpt":{"rendered":"<p>Jetzt wird es richtig am\u00fcsant: Auf Twitter regen sich \u2026\u00e4hem Faschisten (ich nutze dieses Wort nur zur klareren Kontextualisierung) von Links und Rechts gleicherma\u00dfen \u00fcber das Unwort des Jahres auf. Herrlich, besser kann Satire nicht sein! F\u00fcr die einen sind die Unworte der vergangenen Jahre wie \u2026 2011 D\u00f6nermorde 2012 Opfer-Abo, 2013 Sozialtourismus, 2014 L\u00fcgenpresse, [&hellip;]<\/p>\n","protected":false},"author":9,"featured_media":0,"comment_status":"open","ping_status":"open","sticky":false,"template":"","format":"standard","meta":{"footnotes":""},"categories":[4],"tags":[],"class_list":["post-12641","post","type-post","status-publish","format-standard","hentry","category-allgemein"],"_links":{"self":[{"href":"http:\/\/www.bewegteflaeche.de\/index.php?rest_route=\/wp\/v2\/posts\/12641","targetHints":{"allow":["GET"]}}],"collection":[{"href":"http:\/\/www.bewegteflaeche.de\/index.php?rest_route=\/wp\/v2\/posts"}],"about":[{"href":"http:\/\/www.bewegteflaeche.de\/index.php?rest_route=\/wp\/v2\/types\/post"}],"author":[{"embeddable":true,"href":"http:\/\/www.bewegteflaeche.de\/index.php?rest_route=\/wp\/v2\/users\/9"}],"replies":[{"embeddable":true,"href":"http:\/\/www.bewegteflaeche.de\/index.php?rest_route=%2Fwp%2Fv2%2Fcomments&post=12641"}],"version-history":[{"count":1,"href":"http:\/\/www.bewegteflaeche.de\/index.php?rest_route=\/wp\/v2\/posts\/12641\/revisions"}],"predecessor-version":[{"id":12642,"href":"http:\/\/www.bewegteflaeche.de\/index.php?rest_route=\/wp\/v2\/posts\/12641\/revisions\/12642"}],"wp:attachment":[{"href":"http:\/\/www.bewegteflaeche.de\/index.php?rest_route=%2Fwp%2Fv2%2Fmedia&parent=12641"}],"wp:term":[{"taxonomy":"category","embeddable":true,"href":"http:\/\/www.bewegteflaeche.de\/index.php?rest_route=%2Fwp%2Fv2%2Fcategories&post=12641"},{"taxonomy":"post_tag","embeddable":true,"href":"http:\/\/www.bewegteflaeche.de\/index.php?rest_route=%2Fwp%2Fv2%2Ftags&post=12641"}],"curies":[{"name":"wp","href":"https:\/\/api.w.org\/{rel}","templated":true}]}}