{"id":117,"date":"2006-03-06T00:22:02","date_gmt":"2006-03-05T23:22:02","guid":{"rendered":"http:\/\/www.bewegteflaeche.de\/?p=117"},"modified":"2006-11-13T15:14:14","modified_gmt":"2006-11-13T14:14:14","slug":"rekordumsatze-mit-grundeinkommen","status":"publish","type":"post","link":"http:\/\/www.bewegteflaeche.de\/?p=117","title":{"rendered":"Rekordgewinn mit Grundeinkommen"},"content":{"rendered":"<p>Deutschland geht es anscheinend immer besser. So hatte zum Beispiel der Einzelhandel 2006 den st\u00e4rksten Januar-Umsatz seit der Einf\u00fchrung des Euro. Bei solch guten Nachrichten f\u00fchlt man sich als B\u00fcrger mit dem Handel gemeinsam im Aufschwung, kann unbeschwert in den Wochenendkonsum gehen, um auch selbst etwas daf\u00fcr zu tun, dass es mit der Wirtschaft und Deutschland weiter bergauf geht.<br \/>\n<!--more--><br \/>\nLeider wird die Stimmung etwas durch die Nachricht getr\u00fcbt, dass die Telekom trotz Rekordgewinn am Stellenabbau festh\u00e4lt. Der Gewinn ist n\u00e4mlich in einem Jahr um das vierfache auf 5,6 Milliarden gestiegen. Aber: &#8222;Dividende eines Konzerns und Personalabbau sind zwei verschiedene paar Schuh, denn der Gewinn von Heute ist eigentlich der Gewinn von Gestern&#8220;  Da die Telekom immer h\u00e4rterer Konkurrenz ausgesetzt ist (kein Wunder bei solchen Preisen), ist es &#8222;die verdammte Pflicht und Schuldigkeit&#8220; die Stellen dann abzubauen, wenn es dem Unternehmen gut geht, sagt der Telekomchef Rieke. Was ist deren verdammte Pflicht, wenn es dem Saftladen schlecht geht?<\/p>\n<p>Nach diesen Aussagen frage ich mich wirklich, warum eigentlich noch \u00fcberhaupt jemand zuh\u00f6rt, wenn bei Christiansen oder sonst einer Profilierungsrunde \u00fcber die Arbeitslosigkeit &#8222;getalkt&#8220; wird. Denn dort wird auch diese Woche die Politik- und Wirtschaftselite wie jeden Sonntag mit der Parole aufwarten, dass wir (?) endlich der Wirtschaft mehr Freir\u00e4ume geben m\u00fcssen, damit es mit Deutschland wieder rauf und die Arbeitslosigkeit runter geht.<\/p>\n<p>Nun sehen wir gerade am Beispiel der Telekom sehr deutlich die Entkoppelung von Mensch und Wirtschaft und die oben genannte Elite weiss das nur zu gut. Trotzdem wird \u00f6ffentlich immer wieder auf dem alten Kaugummi rumgekaut.<\/p>\n<p>Die Frage lautet also schon lange nicht mehr, wie bek\u00e4mpfen wir die wachsende Arbeitslosigkeit, sondern wie gehen wir mit ihr um. Denn eins steht doch fest, die Arbeitslosigkeit wird kontinuierlich steigen und dies relativ unabh\u00e4ngig von der positiven oder negativen wirtschaftlichen Entwicklung. <\/p>\n<p>Ein Vorschlag die kommende &#8222;Freizeitgesellschaft&#8220; zu finanzieren ist die Besteuerung der Maschinen. Da diese heute die Arbeit machen, die gestern noch der Mensch bew\u00e4ltige, scheint mir das sinnvoll zu sein. Mit diesen Einnahmen muss der Staat die   finanzieren, die wegen den angeschafften Maschinen entlassen wurden. Das aber bitte nicht als Almosen, sondern als eine Art Grundeinkommen, das dem Erwerbslosen auf Dauer die Existenz sichert, ohne sich jeden Monat den Kopf dar\u00fcber zu zerbrechen, wie es weiter gehen soll. F\u00fcr Luxus muss man selbstverst\u00e4ndlich nach wie vor selbst aufkommen.<\/p>\n<p>Auf der anderen Seite entsteht dadurch eine Freiheit, mit der man auch umgehen k\u00f6nnen muss. Den ganzen Tag vorm Rechner oder der Glotze abh\u00e4ngen ist ja auch nix. Im Prinzip wird man mit solch einem Freiraum auf sich selbst zur\u00fcck geworfen, aber das ist im Zweifelsfall immer gut. Was muss ich in meinem Leben tun um Gl\u00fccklich zu werden? War meine bisherige T\u00e4tigkeit auch meine Berufung? Wo liegen meine wirklichen Talente? Jedenfalls liegt in den Antworten eine potenzielle Kreativit\u00e4t, die vielleicht unm\u00f6gliches m\u00f6glich macht. <\/p>\n<p>So, jetzt geh ich aber endlich einkaufen.<\/p>\n<p><a href=\"http:\/\/www.brandeins.de\/home\/inhalte.asp?MenuID=130&#038;MagID=65&#038;sid=su14151224772307526\">BrandEins 01<\/a><br \/>\n<a href=\"http:\/\/brandeins.de\/home\/inhalt_detail.asp?id=1644\">BrandEins 02<\/a><br \/>\n<a href=\"http:\/\/www.grundeinkommen.info\/index.php?id=40\">Grundeinkommen.de<\/a><br \/>\n<a href=\"http:\/\/de.wikipedia.org\/wiki\/Grundeinkommen\">Wiki<\/a><br \/>\n<a href=\"http:\/\/www.heise.de\/tp\/r4\/artikel\/21\/21221\/1.html\">Heise<\/a><br \/>\n<a href=\"http:\/\/www.unternimm-die-zukunft.de\/\">Zukunft ?<\/a><\/p>\n","protected":false},"excerpt":{"rendered":"<p>Deutschland geht es anscheinend immer besser. So hatte zum Beispiel der Einzelhandel 2006 den st\u00e4rksten Januar-Umsatz seit der Einf\u00fchrung des Euro. Bei solch guten Nachrichten f\u00fchlt man sich als B\u00fcrger mit dem Handel gemeinsam im Aufschwung, kann unbeschwert in den Wochenendkonsum gehen, um auch selbst etwas daf\u00fcr zu tun, dass es mit der Wirtschaft und [&hellip;]<\/p>\n","protected":false},"author":9,"featured_media":0,"comment_status":"open","ping_status":"open","sticky":false,"template":"","format":"standard","meta":{"footnotes":""},"categories":[10],"tags":[],"class_list":["post-117","post","type-post","status-publish","format-standard","hentry","category-politik"],"_links":{"self":[{"href":"http:\/\/www.bewegteflaeche.de\/index.php?rest_route=\/wp\/v2\/posts\/117","targetHints":{"allow":["GET"]}}],"collection":[{"href":"http:\/\/www.bewegteflaeche.de\/index.php?rest_route=\/wp\/v2\/posts"}],"about":[{"href":"http:\/\/www.bewegteflaeche.de\/index.php?rest_route=\/wp\/v2\/types\/post"}],"author":[{"embeddable":true,"href":"http:\/\/www.bewegteflaeche.de\/index.php?rest_route=\/wp\/v2\/users\/9"}],"replies":[{"embeddable":true,"href":"http:\/\/www.bewegteflaeche.de\/index.php?rest_route=%2Fwp%2Fv2%2Fcomments&post=117"}],"version-history":[{"count":0,"href":"http:\/\/www.bewegteflaeche.de\/index.php?rest_route=\/wp\/v2\/posts\/117\/revisions"}],"wp:attachment":[{"href":"http:\/\/www.bewegteflaeche.de\/index.php?rest_route=%2Fwp%2Fv2%2Fmedia&parent=117"}],"wp:term":[{"taxonomy":"category","embeddable":true,"href":"http:\/\/www.bewegteflaeche.de\/index.php?rest_route=%2Fwp%2Fv2%2Fcategories&post=117"},{"taxonomy":"post_tag","embeddable":true,"href":"http:\/\/www.bewegteflaeche.de\/index.php?rest_route=%2Fwp%2Fv2%2Ftags&post=117"}],"curies":[{"name":"wp","href":"https:\/\/api.w.org\/{rel}","templated":true}]}}