{"id":11636,"date":"2018-05-30T16:05:00","date_gmt":"2018-05-30T15:05:00","guid":{"rendered":"http:\/\/www.bewegteflaeche.de\/?p=11636"},"modified":"2018-05-30T16:05:00","modified_gmt":"2018-05-30T15:05:00","slug":"lauwarm","status":"publish","type":"post","link":"http:\/\/www.bewegteflaeche.de\/?p=11636","title":{"rendered":"lauwarm"},"content":{"rendered":"<p>auf dem r\u00fccken liegend im wasser beobachte ich die drohnen des neuen antisemitismusbeauftragten. die konsensstreifen am himmel, die apokalypse kommt n\u00e4her. angeblich wollen sie jetzt den obelisken in den buga-see kippen um die geister zu beruhigen. der neger ist schon fast am durchdrehen. \u00fcberall hysteriker und nacktbader von der stadtseite.ich(oder ein anderer)mu\u00df noch 2x katzenfutter f\u00fcr elvis besorgen. bin inzwischen auf mild geschwefelten riocha umgestiegen wg dem schwerwiegenden husten meiner schwiegermutter. morgen ist frohnleichnam, da wird allen noch schlimmer, f\u00fcnfzackige hagelk\u00f6rner werden erwartet<\/p>\n","protected":false},"excerpt":{"rendered":"<p>auf dem r\u00fccken liegend im wasser beobachte ich die drohnen des neuen antisemitismusbeauftragten. die konsensstreifen am himmel, die apokalypse kommt n\u00e4her. angeblich wollen sie jetzt den obelisken in den buga-see kippen um die geister zu beruhigen. der neger ist schon fast am durchdrehen. \u00fcberall hysteriker und nacktbader von der stadtseite.ich(oder ein anderer)mu\u00df noch 2x katzenfutter [&hellip;]<\/p>\n","protected":false},"author":2,"featured_media":0,"comment_status":"open","ping_status":"open","sticky":false,"template":"","format":"standard","meta":{"footnotes":""},"categories":[4],"tags":[],"class_list":["post-11636","post","type-post","status-publish","format-standard","hentry","category-allgemein"],"_links":{"self":[{"href":"http:\/\/www.bewegteflaeche.de\/index.php?rest_route=\/wp\/v2\/posts\/11636","targetHints":{"allow":["GET"]}}],"collection":[{"href":"http:\/\/www.bewegteflaeche.de\/index.php?rest_route=\/wp\/v2\/posts"}],"about":[{"href":"http:\/\/www.bewegteflaeche.de\/index.php?rest_route=\/wp\/v2\/types\/post"}],"author":[{"embeddable":true,"href":"http:\/\/www.bewegteflaeche.de\/index.php?rest_route=\/wp\/v2\/users\/2"}],"replies":[{"embeddable":true,"href":"http:\/\/www.bewegteflaeche.de\/index.php?rest_route=%2Fwp%2Fv2%2Fcomments&post=11636"}],"version-history":[{"count":1,"href":"http:\/\/www.bewegteflaeche.de\/index.php?rest_route=\/wp\/v2\/posts\/11636\/revisions"}],"predecessor-version":[{"id":11637,"href":"http:\/\/www.bewegteflaeche.de\/index.php?rest_route=\/wp\/v2\/posts\/11636\/revisions\/11637"}],"wp:attachment":[{"href":"http:\/\/www.bewegteflaeche.de\/index.php?rest_route=%2Fwp%2Fv2%2Fmedia&parent=11636"}],"wp:term":[{"taxonomy":"category","embeddable":true,"href":"http:\/\/www.bewegteflaeche.de\/index.php?rest_route=%2Fwp%2Fv2%2Fcategories&post=11636"},{"taxonomy":"post_tag","embeddable":true,"href":"http:\/\/www.bewegteflaeche.de\/index.php?rest_route=%2Fwp%2Fv2%2Ftags&post=11636"}],"curies":[{"name":"wp","href":"https:\/\/api.w.org\/{rel}","templated":true}]}}