{"id":11604,"date":"2018-03-18T16:29:30","date_gmt":"2018-03-18T15:29:30","guid":{"rendered":"http:\/\/www.bewegteflaeche.de\/?p=11604"},"modified":"2018-03-18T16:29:30","modified_gmt":"2018-03-18T15:29:30","slug":"speisequark-elvis","status":"publish","type":"post","link":"http:\/\/www.bewegteflaeche.de\/?p=11604","title":{"rendered":"speisequark elvis"},"content":{"rendered":"<p>angeblich ist einer der teletubbies(kwinky?) bundeskanzler oder bundeskanzlerin (in geheimer abstimmung!) geworden.diese neuste verschw\u00f6rungstheorie im internet kommt vermutlich von der umstandskleider-mafia(ist aus russischen hacker-kreisen zu h\u00f6ren). am liebsten mag er huhn&#038;karotte<br \/>\n&#8211; gedeckt hellblau ist hier der code<br \/>\neins der letzten geheimnisse der medienp\u00e4dagogik (f\u00fcr 1 bis 5j\u00e4hrige) &#8211; &#8222;was essen die teletubbies?&#8220; &#8211; gilt damit als zumindest teilweise gel\u00fcftet.<\/p>\n","protected":false},"excerpt":{"rendered":"<p>angeblich ist einer der teletubbies(kwinky?) bundeskanzler oder bundeskanzlerin (in geheimer abstimmung!) geworden.diese neuste verschw\u00f6rungstheorie im internet kommt vermutlich von der umstandskleider-mafia(ist aus russischen hacker-kreisen zu h\u00f6ren). am liebsten mag er huhn&#038;karotte &#8211; gedeckt hellblau ist hier der code eins der letzten geheimnisse der medienp\u00e4dagogik (f\u00fcr 1 bis 5j\u00e4hrige) &#8211; &#8222;was essen die teletubbies?&#8220; &#8211; gilt [&hellip;]<\/p>\n","protected":false},"author":2,"featured_media":0,"comment_status":"open","ping_status":"open","sticky":false,"template":"","format":"standard","meta":{"footnotes":""},"categories":[4],"tags":[],"class_list":["post-11604","post","type-post","status-publish","format-standard","hentry","category-allgemein"],"_links":{"self":[{"href":"http:\/\/www.bewegteflaeche.de\/index.php?rest_route=\/wp\/v2\/posts\/11604","targetHints":{"allow":["GET"]}}],"collection":[{"href":"http:\/\/www.bewegteflaeche.de\/index.php?rest_route=\/wp\/v2\/posts"}],"about":[{"href":"http:\/\/www.bewegteflaeche.de\/index.php?rest_route=\/wp\/v2\/types\/post"}],"author":[{"embeddable":true,"href":"http:\/\/www.bewegteflaeche.de\/index.php?rest_route=\/wp\/v2\/users\/2"}],"replies":[{"embeddable":true,"href":"http:\/\/www.bewegteflaeche.de\/index.php?rest_route=%2Fwp%2Fv2%2Fcomments&post=11604"}],"version-history":[{"count":1,"href":"http:\/\/www.bewegteflaeche.de\/index.php?rest_route=\/wp\/v2\/posts\/11604\/revisions"}],"predecessor-version":[{"id":11605,"href":"http:\/\/www.bewegteflaeche.de\/index.php?rest_route=\/wp\/v2\/posts\/11604\/revisions\/11605"}],"wp:attachment":[{"href":"http:\/\/www.bewegteflaeche.de\/index.php?rest_route=%2Fwp%2Fv2%2Fmedia&parent=11604"}],"wp:term":[{"taxonomy":"category","embeddable":true,"href":"http:\/\/www.bewegteflaeche.de\/index.php?rest_route=%2Fwp%2Fv2%2Fcategories&post=11604"},{"taxonomy":"post_tag","embeddable":true,"href":"http:\/\/www.bewegteflaeche.de\/index.php?rest_route=%2Fwp%2Fv2%2Ftags&post=11604"}],"curies":[{"name":"wp","href":"https:\/\/api.w.org\/{rel}","templated":true}]}}