{"id":11555,"date":"2018-01-01T15:18:17","date_gmt":"2018-01-01T14:18:17","guid":{"rendered":"http:\/\/www.bewegteflaeche.de\/?p=11555"},"modified":"2018-01-01T15:18:17","modified_gmt":"2018-01-01T14:18:17","slug":"neues-aus-dem-lager-und-den-zombies","status":"publish","type":"post","link":"http:\/\/www.bewegteflaeche.de\/?p=11555","title":{"rendered":"neues, aus dem lager und den zombies"},"content":{"rendered":"<p>die zeit der christlichen hysterien der letzten wochen ist fast vorbei. heute 1 flaschensammler auf dem platz der deutschen einheit, mit liegendem mountainbike, sonst nur relativ viel gen\u00e4sster knallzeugabfall und einige wenige leere sektflaschen.  glassplitter und kriegsgefangene haben stark abgenommen, in waldau und in der fuldaaue, auf den radwegen. ebenso die hubschrauber von fritzlar, naja die kommen bald wieder. verfolgungswahn, h\u00e4lt sich wie weihnachts- und putinschizophrenie in grenzen. celine mal wieder gelesen. gut f\u00fcr den demokratischen aufbau von anti- und prosemitismus im lager, dient der regulierung. fuldazufl\u00fcsse stark angeschwollen, braun. gleich kommt hitler und trifft sich mit stalin, wg der tantiemen<\/p>\n","protected":false},"excerpt":{"rendered":"<p>die zeit der christlichen hysterien der letzten wochen ist fast vorbei. heute 1 flaschensammler auf dem platz der deutschen einheit, mit liegendem mountainbike, sonst nur relativ viel gen\u00e4sster knallzeugabfall und einige wenige leere sektflaschen. glassplitter und kriegsgefangene haben stark abgenommen, in waldau und in der fuldaaue, auf den radwegen. ebenso die hubschrauber von fritzlar, naja [&hellip;]<\/p>\n","protected":false},"author":2,"featured_media":0,"comment_status":"open","ping_status":"open","sticky":false,"template":"","format":"standard","meta":{"footnotes":""},"categories":[4],"tags":[],"class_list":["post-11555","post","type-post","status-publish","format-standard","hentry","category-allgemein"],"_links":{"self":[{"href":"http:\/\/www.bewegteflaeche.de\/index.php?rest_route=\/wp\/v2\/posts\/11555","targetHints":{"allow":["GET"]}}],"collection":[{"href":"http:\/\/www.bewegteflaeche.de\/index.php?rest_route=\/wp\/v2\/posts"}],"about":[{"href":"http:\/\/www.bewegteflaeche.de\/index.php?rest_route=\/wp\/v2\/types\/post"}],"author":[{"embeddable":true,"href":"http:\/\/www.bewegteflaeche.de\/index.php?rest_route=\/wp\/v2\/users\/2"}],"replies":[{"embeddable":true,"href":"http:\/\/www.bewegteflaeche.de\/index.php?rest_route=%2Fwp%2Fv2%2Fcomments&post=11555"}],"version-history":[{"count":2,"href":"http:\/\/www.bewegteflaeche.de\/index.php?rest_route=\/wp\/v2\/posts\/11555\/revisions"}],"predecessor-version":[{"id":11558,"href":"http:\/\/www.bewegteflaeche.de\/index.php?rest_route=\/wp\/v2\/posts\/11555\/revisions\/11558"}],"wp:attachment":[{"href":"http:\/\/www.bewegteflaeche.de\/index.php?rest_route=%2Fwp%2Fv2%2Fmedia&parent=11555"}],"wp:term":[{"taxonomy":"category","embeddable":true,"href":"http:\/\/www.bewegteflaeche.de\/index.php?rest_route=%2Fwp%2Fv2%2Fcategories&post=11555"},{"taxonomy":"post_tag","embeddable":true,"href":"http:\/\/www.bewegteflaeche.de\/index.php?rest_route=%2Fwp%2Fv2%2Ftags&post=11555"}],"curies":[{"name":"wp","href":"https:\/\/api.w.org\/{rel}","templated":true}]}}